[{"@context":"https:\/\/schema.org\/","@type":"Article","@id":"https:\/\/www.souzel.sk\/odvratena-tvar-leta\/#Article","mainEntityOfPage":"https:\/\/www.souzel.sk\/odvratena-tvar-leta\/","headline":"Odvr\u00e1ten\u00e1 tv\u00e1r leta","name":"Odvr\u00e1ten\u00e1 tv\u00e1r leta","description":"S\u00a0pr\u00edchodom leta st\u00fapa nielen teplota na teplomery ale aj t\u00fa\u017eba mal\u00fdch ratolest\u00ed, t\u00fa\u017eba mal\u00fdch hunc\u00fatov by\u0165 vonku, by\u0165 na slnie\u010dku \u010do najdlh\u0161ie, tak dlho ako sa len d\u00e1. A\u00a0t\u00e1 t\u00fa\u017eba je tak siln\u00e1, \u017ee sa \u010dastokr\u00e1t a\u017e opekaj\u00fa ako mal\u00e9 \u0161pek\u00e1\u010diky. Preto, mil\u00ed rodi\u010dia, je potrebn\u00e9 aby ste pr\u00e1ve vy st\u00e1li za kormidlom id\u00facej lode...","datePublished":"2019-11-25","dateModified":"2023-04-27","author":{"@type":"Person","@id":"https:\/\/www.souzel.sk\/author\/#Person","name":"","url":"https:\/\/www.souzel.sk\/author\/","identifier":1,"image":{"@type":"ImageObject","@id":"https:\/\/secure.gravatar.com\/avatar\/01173f1da90dde8adb887d6793fa4e42c4004e53f8d645d9b1cb57c2dee8e188?s=96&d=mm&r=g","url":"https:\/\/secure.gravatar.com\/avatar\/01173f1da90dde8adb887d6793fa4e42c4004e53f8d645d9b1cb57c2dee8e188?s=96&d=mm&r=g","height":96,"width":96}},"publisher":{"@type":"Organization","name":"souzel.sk","logo":{"@type":"ImageObject","@id":"\/logo.png","url":"\/logo.png","width":600,"height":60}},"image":{"@type":"ImageObject","@id":"https:\/\/www.souzel.sk\/wp-content\/uploads\/img_a308317_w16697_t1574442249.jpg","url":"https:\/\/www.souzel.sk\/wp-content\/uploads\/img_a308317_w16697_t1574442249.jpg","height":0,"width":0},"url":"https:\/\/www.souzel.sk\/odvratena-tvar-leta\/","about":["Deti\r"],"wordCount":510,"articleBody":"S\u00a0pr\u00edchodom leta st\u00fapa nielen teplota na teplomery ale aj t\u00fa\u017eba mal\u00fdch ratolest\u00ed, t\u00fa\u017eba mal\u00fdch hunc\u00fatov by\u0165 vonku, by\u0165 na slnie\u010dku \u010do najdlh\u0161ie, tak dlho ako sa len d\u00e1. A\u00a0t\u00e1 t\u00fa\u017eba je tak siln\u00e1, \u017ee sa \u010dastokr\u00e1t a\u017e opekaj\u00fa ako mal\u00e9 \u0161pek\u00e1\u010diky.Preto, mil\u00ed rodi\u010dia, je potrebn\u00e9 aby ste pr\u00e1ve vy st\u00e1li za kormidlom id\u00facej lode a\u00a0tak ud\u00e1vali ten spr\u00e1vny smer. Je samozrejm\u00e9, \u017ee slnko m\u00e1 mno\u017estvo priazniv\u00fdch \u00fa\u010dinkov. Av\u0161ak pri nespr\u00e1vnom d\u00e1vkovan\u00ed si va\u0161e de\u0165\u00farence m\u00f4\u017eu privodi\u0165 zdravotn\u00e9 probl\u00e9my a\u00a0tak uvidia a\u00a0spoznaj\u00fa aj t\u00fa opa\u010dn\u00fa str\u00e1nku slnka.\u010ci ste na nejakej dovolenke pri mori alebo si u\u017e\u00edvate leto doma pri baz\u00e9ne je potrebn\u00e9 dodr\u017eiava\u0165 ur\u010dit\u00e9 z\u00e1sady. Sta\u010d\u00ed spomen\u00fa\u0165 tie najd\u00f4le\u017eitej\u0161ie.\t\tDovo\u013ete sa de\u0165om slni\u0165, ale primerane. Netreba to preh\u00e1\u0148a\u0165. Ve\u010f ako sa hovor\u00ed: Aj zajtra je de\u0148. U\u017e od na\u0161ich star\u00fdch mater\u00ed vieme, \u017ee hlavne deti by sa nemali zdr\u017eiava\u0165 na slnie\u010dku po\u010das tzv. slne\u010dnej \u0161pi\u010dky, teda okolo poludnia.\t\tNikdy netreba zab\u00fada\u0165 na opa\u013eovacie kr\u00e9my s\u00a0naozaj vysok\u00fdm ochrann\u00fdm faktorom. Natierajte sa viackr\u00e1t po\u010das d\u0148a, aj ke\u010f je zamra\u010den\u00e9. Myslite aj na tv\u00e1r, pery, u\u0161i a\u00a0nos.\t\tPo k\u00fapan\u00ed sa v\u017edy osu\u0161te.\t\t\u010castokr\u00e1t sa zab\u00fada na pokr\u00fdvku hlavy a\u00a0pritom je to tak ve\u013emi d\u00f4le\u017eit\u00e9. Nie je naozaj pr\u00edjemn\u00e9 ani zdraviu prospe\u0161n\u00e9, ak de\u0165om cel\u00fd de\u0148, ako sa \u013eudovo hovor\u00ed, pra\u017e\u00ed slnko na hlavi\u010dku.\t\tJe lek\u00e1rsky dok\u00e1zan\u00e9, \u017ee slne\u010dn\u00e9 \u017eiarenie \u0161kod\u00ed o\u010diam. Preto de\u0165om v\u017edy zba\u013ete aj slne\u010dn\u00e9 okuliare.\t\tPitn\u00fd re\u017eim! Azda k\u00a0tomu ani netreba poveda\u0165 viac.Azda nejestvuje \u017eiadna \u013eudsk\u00e1 bytos\u0165, ktor\u00e1 by dok\u00e1zala pohrdn\u00fa\u0165 letn\u00fdm, tepl\u00fdm a\u00a0slne\u010dn\u00fdm d\u0148om. Ve\u010f pr\u00e1ve cez leto sa otv\u00e1ra ve\u013ek\u00e9 mno\u017estvo pr\u00edle\u017eitost\u00ed, z\u00e1\u017eitkov, vo\u013en\u00e9ho \u010dasu a\u00a0oddychu. Rodi\u010dia \u010dastokr\u00e1t e\u0161te pred za\u010dat\u00edm najlep\u0161\u00edch a\u00a0najkraj\u0161\u00edch pr\u00e1zdnin po\u010das cel\u00e9ho \u0161kolsk\u00e9ho roka vym\u00fd\u0161\u013eaj\u00fa program, nielen pre svoje deti ale pre cel\u00fa rodinu. Je pravdou, \u017ee po\u010das leta ve\u013ek\u00e9 percento rod\u00edn odch\u00e1dza do tepl\u00fdch kraj\u00edn na dovolenku. Tie zost\u00e1vaj\u00face percent\u00e1 si u\u017e\u00edvaj\u00fa leto vo svojej domovine, \u010di u\u017e doma pri baz\u00e9ne, \u010di u\u017e na k\u00fapalisk\u00e1ch alebo na r\u00f4znych v\u00fdletoch.Hoc leto patr\u00ed k najob\u013e\u00fabenej\u0161iemu ro\u010dn\u00e9mu obdobiu, m\u00f4\u017eeme ho ozna\u010di\u0165 aj ako obdobie, kedy v\u00fdjazd z\u00e1chrann\u00fdch slu\u017eieb je ba nespo\u010d\u00edtate\u013en\u00fd. Ve\u013ek\u00e9 teplo zle zn\u00e1\u0161aj\u00fa nielen d\u00f4chodcovia ale aj deti. Mo\u017eno nie je na \u0161kodu sa dr\u017ea\u0165 niektor\u00fdch z\u00e1sad.                                                                                                                                                                                                                                                                                                                                                                                        3.5\/5 - (8 votes)        "},{"@context":"https:\/\/schema.org\/","@type":"BreadcrumbList","itemListElement":[{"@type":"ListItem","position":1,"name":"Odvr\u00e1ten\u00e1 tv\u00e1r leta","item":"https:\/\/www.souzel.sk\/odvratena-tvar-leta\/#breadcrumbitem"}]}]