[{"@context":"https:\/\/schema.org\/","@type":"Article","@id":"https:\/\/www.souzel.sk\/nechty-ako-najkrajsi-doplnok-zeny\/#Article","mainEntityOfPage":"https:\/\/www.souzel.sk\/nechty-ako-najkrajsi-doplnok-zeny\/","headline":"Nechty, ako najkraj\u0161\u00ed doplnok \u017eeny","name":"Nechty, ako najkraj\u0161\u00ed doplnok \u017eeny","description":"V d\u00e1vnej\u0161ej dobe si v\u00e4\u010d\u0161ina \u017eien upravovala nechty strihan\u00edm, piln\u00edkovan\u00edm a n\u00e1sledne lakovan\u00edm. V pr\u00edtomnosti to v\u0161ak nahradili g\u00e9lov\u00e9 nechty, ktor\u00e9 s\u00fa naozaj \u017eiadan\u00e9. \u017deny h\u013eadaj\u00fa dopyt po pracovn\u00ed\u010dkach, ktor\u00e9 im ich spravia alebo si ich u\u017e vo v\u00e4\u010d\u0161ine robia aj sam\u00e9. S pr\u00edchodom jari sa treba zamyslie\u0165 nad t\u00fdm, ak\u00e9 farby, respekt\u00edve ozdobovanie by...","datePublished":"2023-06-17","dateModified":"2023-10-18","author":{"@type":"Person","@id":"https:\/\/www.souzel.sk\/author\/#Person","name":"","url":"https:\/\/www.souzel.sk\/author\/","identifier":1,"image":{"@type":"ImageObject","@id":"https:\/\/secure.gravatar.com\/avatar\/01173f1da90dde8adb887d6793fa4e42c4004e53f8d645d9b1cb57c2dee8e188?s=96&d=mm&r=g","url":"https:\/\/secure.gravatar.com\/avatar\/01173f1da90dde8adb887d6793fa4e42c4004e53f8d645d9b1cb57c2dee8e188?s=96&d=mm&r=g","height":96,"width":96}},"publisher":{"@type":"Organization","name":"souzel.sk","logo":{"@type":"ImageObject","@id":"\/logo.png","url":"\/logo.png","width":600,"height":60}},"image":{"@type":"ImageObject","@id":"https:\/\/www.souzel.sk\/wp-content\/uploads\/farebny-uv-led-gel-karin-line-001_1.jpg","url":"https:\/\/www.souzel.sk\/wp-content\/uploads\/farebny-uv-led-gel-karin-line-001_1.jpg","height":0,"width":0},"url":"https:\/\/www.souzel.sk\/nechty-ako-najkrajsi-doplnok-zeny\/","about":["Slu\u017eby"],"wordCount":447,"articleBody":"   V d\u00e1vnej\u0161ej dobe si v\u00e4\u010d\u0161ina \u017eien upravovala nechty strihan\u00edm, piln\u00edkovan\u00edm a n\u00e1sledne lakovan\u00edm. V pr\u00edtomnosti to v\u0161ak nahradili g\u00e9lov\u00e9 nechty, ktor\u00e9 s\u00fa naozaj \u017eiadan\u00e9. \u017deny h\u013eadaj\u00fa dopyt po pracovn\u00ed\u010dkach, ktor\u00e9 im ich spravia alebo si ich u\u017e vo v\u00e4\u010d\u0161ine robia aj sam\u00e9. S pr\u00edchodom jari sa treba zamyslie\u0165 nad t\u00fdm, ak\u00e9 farby, respekt\u00edve ozdobovanie by sme mohli pou\u017ei\u0165. Kr\u00e1tke, \u010di dlh\u00e9? Pastelov\u00e9, \u010di ne\u00f3nov\u00e9? Matn\u00e9, \u010di leskl\u00e9? \u010ci dokonca jarne nechty. Ka\u017edej \u017eene preletia hlavou tieto ot\u00e1zky pri ka\u017edej n\u00e1v\u0161teve sal\u00f3na, popr\u00edpade pri tom, ke\u010f si vyberaj\u00fa g\u00e9ly na svoju vlastn\u00fa spotrebu. Webov\u00e1 str\u00e1nka https:\/\/www.d-nails.sk\/ pon\u00faka neskuto\u010dne ve\u013ea odtie\u0148ov zna\u010dky Ardell. M\u00f4\u017eete si vybera\u0165 medzi klasick\u00fdmi g\u00e9lmi na nechty alebo g\u00e9l lakmi. Je to kvalitn\u00e1 zna\u010dka, ktor\u00e1 kone\u010dne neprich\u00e1dza z \u010c\u00edny. Cenovo s\u00fa dostupn\u00e9 pre ka\u017ed\u00e9ho a ur\u010dite sa oplat\u00ed nak\u00fapi\u0165 viac farieb naraz. Ide\u00e1lne na jar s\u00fa pastelov\u00e9 a jemn\u00e9 farby od \u017eltej, cez oran\u017eov\u00fa, ru\u017eov\u00fa a\u017e po jemn\u00fa zelenkast\u00fa. Ozdobovanie kvetmi a r\u00f4znymi ovocn\u00fdmi plodmi je tie\u017e dobr\u00e1 vo\u013eba. Nako\u013eko za\u010d\u00edna v\u0161etko prekr\u00e1sne rozkvita\u0165 a slne\u010dn\u00e9 l\u00fa\u010de n\u00e1s e\u0161te tak ve\u013emi neohrievaj\u00fa, je to najkraj\u0161ie, \u010do m\u00f4\u017ee zdobi\u0165 \u017eensk\u00e9 ruky. Samotn\u00e1 kamufl\u00e1\u017e, alebo jemn\u00e1 franc\u00fazska manik\u00fara?S v\u00fdberom na tejto str\u00e1nke ur\u010dite nebudete ma\u0165 probl\u00e9m. G\u00e9ly si priam zamilujete a nebudete sa ich vedie\u0165 naba\u017ei\u0165. \u017deny s\u00fa naozaj n\u00e1kupn\u00e9 mania\u010dky, a ke\u010f sa jedn\u00e1 o ich kr\u00e1su, s\u00fa ochotn\u00e9 investova\u0165 do seba pe\u0148az\u00ed a \u010dasu ko\u013eko bude treba. G\u00e9ly s\u00fa vhodn\u00e9 ako do UV tak aj do LED lampy. Z ka\u017ed\u00e9ho odtie\u0148a m\u00e1te na v\u00fdber viac ve\u013ekost\u00ed, \u010di\u017ee si k\u013eudne m\u00f4\u017eete k\u00fapi\u0165 v\u00e4\u010d\u0161\u00ed, \u010do sa v\u00e1m lep\u0161ie vyplat\u00ed a hlavne ho budete ma\u0165 na dlh\u0161ie a nebudete musie\u0165 neust\u00e1le dop\u013a\u0148a\u0165 z\u00e1soby. A najd\u00f4le\u017eitej\u0161ia vec, \u010do o t\u00fdchto g\u00e9loch treba da\u0165 na verejnos\u0165 je to, \u017ee s\u00fa pr\u00e1ve vhodn\u00e9 pre probl\u00e9mov\u00e9 nechty, ktor\u00e9 m\u00e1 nejedna z v\u00e1s. Ur\u010dite si ka\u017ed\u00e1 \u017eena n\u00e1jde na tejto str\u00e1nke to svoje, a nebude \u013eutova\u0165, \u017ee sa rozhodla pr\u00e1ve pre t\u00fato zna\u010dku. Je ich na trhu mnoho, ale t\u00e1to naozaj stoj\u00ed za to, \u010di\u017ee netreba v\u00e1ha\u0165.                                                                                                                                                                                                                                                                                                                                                                                          3.8\/5 - (9 votes)        "},{"@context":"https:\/\/schema.org\/","@type":"BreadcrumbList","itemListElement":[{"@type":"ListItem","position":1,"name":"Nechty, ako najkraj\u0161\u00ed doplnok \u017eeny","item":"https:\/\/www.souzel.sk\/nechty-ako-najkrajsi-doplnok-zeny\/#breadcrumbitem"}]}]