[{"@context":"https:\/\/schema.org\/","@type":"Article","@id":"https:\/\/www.souzel.sk\/bez-elektriny\/#Article","mainEntityOfPage":"https:\/\/www.souzel.sk\/bez-elektriny\/","headline":"Bez elektriny","name":"Bez elektriny","description":"Slovensko zasiahol ni\u010div\u00fd vietor naz\u00fdvan\u00fd v\u00edchrica J\u00falia. Stalo sa to, \u010do sa dalo o\u010dak\u00e1va\u0165. Pomaly polke centra dediny ne\u0161la elektrick\u00e1 energia. Nikto nevedel, \u010do sa stalo, ale v\u0161etci videli, \u017ee dom\u00e1ce spotrebi\u010de im nefunguj\u00fa. Mrazni\u010dka, chladni\u010dka, \u010di vys\u00e1va\u010d ne\u0161li. \u010clovek si nem\u00e1 ani ako obed ohria\u0165, ke\u010f je hladn\u00fd. Iba pri izbovej teplote. Hor\u0161ie na...","datePublished":"2020-03-22","dateModified":"2023-04-27","author":{"@type":"Person","@id":"https:\/\/www.souzel.sk\/author\/#Person","name":"","url":"https:\/\/www.souzel.sk\/author\/","identifier":1,"image":{"@type":"ImageObject","@id":"https:\/\/secure.gravatar.com\/avatar\/01173f1da90dde8adb887d6793fa4e42c4004e53f8d645d9b1cb57c2dee8e188?s=96&d=mm&r=g","url":"https:\/\/secure.gravatar.com\/avatar\/01173f1da90dde8adb887d6793fa4e42c4004e53f8d645d9b1cb57c2dee8e188?s=96&d=mm&r=g","height":96,"width":96}},"publisher":{"@type":"Organization","name":"souzel.sk","logo":{"@type":"ImageObject","@id":"\/logo.png","url":"\/logo.png","width":600,"height":60}},"image":{"@type":"ImageObject","@id":"https:\/\/www.souzel.sk\/wp-content\/uploads\/img_a310774_w16902_t1584005942.jpg","url":"https:\/\/www.souzel.sk\/wp-content\/uploads\/img_a310774_w16902_t1584005942.jpg","height":0,"width":0},"url":"https:\/\/www.souzel.sk\/bez-elektriny\/","wordCount":373,"articleBody":"Slovensko zasiahol ni\u010div\u00fd vietor naz\u00fdvan\u00fd v\u00edchrica J\u00falia. Stalo sa to, \u010do sa dalo o\u010dak\u00e1va\u0165. Pomaly polke centra dediny ne\u0161la elektrick\u00e1 energia. Nikto nevedel, \u010do sa stalo, ale v\u0161etci videli, \u017ee dom\u00e1ce spotrebi\u010de im nefunguj\u00fa. Mrazni\u010dka, chladni\u010dka, \u010di vys\u00e1va\u010d ne\u0161li. \u010clovek si nem\u00e1 ani ako obed ohria\u0165, ke\u010f je hladn\u00fd. Iba pri izbovej teplote. Hor\u0161ie na tom celom je to, \u017ee aj radi\u00e1tory ostan\u00fa studen\u00e9, ke\u010f \u017ee dnes v\u00e4\u010d\u0161ina vykurovan\u00ed funguje len na elektrinu alebo \u010derpadlo.\tNejak\u00e9 \u017eivotn\u00e9 sk\u00fasenosti?Svokor aj s\u00a0mojimi dvoma \u0161vagrami sa chystali r\u00e1no o\u00a0pol \u0161tvrtej do pr\u00e1ce. U\u017e si nakladali veci do auta a\u00a0vtom stra\u0161n\u00fd rachot. Strom \u2013 jedli\u010dka sa zr\u00fatila na asfaltov\u00e9 ihrisko ne\u010faleko ich domu. \u0160vagor to videl v\u00a0priamom prenose. Tak\u00e9to ni\u010div\u00e9 \u00fa\u010dinky zanechal tento vetrisko. Stromy padalo ako hru\u0161ky ako keby nemali ani korene.V\u00e4\u010d\u0161ina \u013eud\u00ed t\u00fato smr\u0161\u0165 prespala, ke\u010f\u017ee najsilnej\u0161\u00ed vietor f\u00fakal v\u00a0noci. Ak m\u00e1te dobr\u00e9 okn\u00e1, tak nepo\u010dujete cez ne ni\u010d. Ani to ako f\u00faka vietor a\u00a0\u017ee je teda ve\u013emi siln\u00fd. Ke\u010f nechcete strati\u0165 b\u00fdvanie, mo\u017eno by ste sa mali poisti\u0165 proti \u017eiveln\u00fdm pohrom\u00e1m. Dnes je to dos\u0165 \u017eiadan\u00fd typ poistenia, ktor\u00fd by si mal zabezpe\u010di\u0165 takmer ka\u017ed\u00fd \u010dlovek.Na\u0161a dom\u00e1cnos\u0165 ostala od polnoci bez elektrickej energie. Man\u017eel sa nemal ako pomaly vychysta\u0165 do pr\u00e1ce, ke\u010f\u017ee r\u00e1no bola v\u0161ade tma ako v\u00a0rohu a\u00a0jeho telef\u00f3n sa po\u010das noci nenab\u00edjal. Obliekal sa takmer na slepo a\u00a0takisto si aj um\u00fdval zuby. \u017divot bez elektriny by bol n\u00e1ro\u010dn\u00fd. No, bol by na to \u010dlovek pripraven\u00fd, kde\u017e to teraz sme museli zvl\u00e1da\u0165 situ\u00e1ciu tak ako bola. Tak ako sa stala. Niet \u017eiadneho v\u00fdchodiska, ke\u010f neviete o\u00a0tom, \u017ee v\u00e1m elektrina vypadne.\u017di\u0165 \u017eivot v\u00e1s nenau\u010d\u00ed nikto. Mus\u00edte sa samy prisp\u00f4sobi\u0165 svojim po\u017eiadavk\u00e1m a\u00a0spravi\u0165 si ho pod\u013ea svojich predst\u00e1v. Nie je na to \u017eiadna predloha ani vzor, le\u017e sa m\u00f4\u017eete in\u0161pirova\u0165 druh\u00fdmi.                                                                                                                                                                                                                                                                                                                                                                                        4.2\/5 - (8 votes)        "},{"@context":"https:\/\/schema.org\/","@type":"BreadcrumbList","itemListElement":[{"@type":"ListItem","position":1,"name":"Bez elektriny","item":"https:\/\/www.souzel.sk\/bez-elektriny\/#breadcrumbitem"}]}]