[{"@context":"https:\/\/schema.org\/","@type":"Article","@id":"https:\/\/www.souzel.sk\/ach-ta-moda-kto-sa-jej-ma-stihnut-prisposobovat\/#Article","mainEntityOfPage":"https:\/\/www.souzel.sk\/ach-ta-moda-kto-sa-jej-ma-stihnut-prisposobovat\/","headline":"Ach, t\u00e1 m\u00f3da. Kto sa jej m\u00e1 stihn\u00fa\u0165 prisp\u00f4sobova\u0165?!","name":"Ach, t\u00e1 m\u00f3da. Kto sa jej m\u00e1 stihn\u00fa\u0165 prisp\u00f4sobova\u0165?!","description":"To, \u010do bolo pred chv\u00ed\u013ekou out, bude o mal\u00fa chv\u00ed\u013eu op\u00e4\u0165 in. Oble\u010denie a doplnky, ktor\u00e9 ste darovali, alebo priamo hodili do ko\u0161a, si o chv\u00ed\u013eu m\u00f4\u017eete k\u00fapi\u0165 zas a vzia\u0165 si ich na seba s hrdos\u0165ou sp\u00e4\u0165, vlasy si m\u00f4\u017eete da\u0165 upravi\u0165 do p\u00f4vodnej podoby, ktor\u00e1 sa stane op\u00e4\u0165 in a so s\u00fa\u010dasn\u00fdm \u00fa\u010desom...","datePublished":"2018-10-24","dateModified":"2023-04-27","author":{"@type":"Person","@id":"https:\/\/www.souzel.sk\/author\/#Person","name":"","url":"https:\/\/www.souzel.sk\/author\/","identifier":1,"image":{"@type":"ImageObject","@id":"https:\/\/secure.gravatar.com\/avatar\/01173f1da90dde8adb887d6793fa4e42c4004e53f8d645d9b1cb57c2dee8e188?s=96&d=mm&r=g","url":"https:\/\/secure.gravatar.com\/avatar\/01173f1da90dde8adb887d6793fa4e42c4004e53f8d645d9b1cb57c2dee8e188?s=96&d=mm&r=g","height":96,"width":96}},"publisher":{"@type":"Organization","name":"souzel.sk","logo":{"@type":"ImageObject","@id":"\/logo.png","url":"\/logo.png","width":600,"height":60}},"image":{"@type":"ImageObject","@id":"https:\/\/www.souzel.sk\/wp-content\/uploads\/img_a292261_w16472_t1539955626.jpg","url":"https:\/\/www.souzel.sk\/wp-content\/uploads\/img_a292261_w16472_t1539955626.jpg","height":0,"width":0},"url":"https:\/\/www.souzel.sk\/ach-ta-moda-kto-sa-jej-ma-stihnut-prisposobovat\/","wordCount":425,"articleBody":" To, \u010do bolo pred chv\u00ed\u013ekou out, bude o mal\u00fa chv\u00ed\u013eu op\u00e4\u0165 in. Oble\u010denie a doplnky, ktor\u00e9 ste darovali, alebo priamo hodili do ko\u0161a, si o chv\u00ed\u013eu m\u00f4\u017eete k\u00fapi\u0165 zas a vzia\u0165 si ich na seba s hrdos\u0165ou sp\u00e4\u0165, vlasy si m\u00f4\u017eete da\u0165 upravi\u0165 do p\u00f4vodnej podoby, ktor\u00e1 sa stane op\u00e4\u0165 in a so s\u00fa\u010dasn\u00fdm \u00fa\u010desom sa zasa rozl\u00fa\u010di\u0165. No nepr\u00edde v\u00e1m m\u00f3da smie\u0161na? M\u00f3da sama o sebe mo\u017eno nie, ale tento bezhlav\u00fd cyklus a panika okolo, okam\u017eit\u00e9 prisp\u00f4sobovanie sa, plytvanie peniazmi a zab\u00fadanie na svoju tv\u00e1r a svoj osobn\u00fd \u0161t\u00fdl, to mi humorn\u00e9 pr\u00edde. Teda mo\u017eno sk\u00f4r smutn\u00e9. M\u00f3da sa aj tak neust\u00e1le opakuje . Ja viem, na t\u00fato t\u00e9mu sa pozer\u00e1m z poh\u013eadu mu\u017ea, ale mysl\u00edm si, \u017ee v\u00fdsledn\u00e1 pointa a tvrdenie, \u017ee neust\u00e1le prisp\u00f4sobenie sa m\u00f3de mi pr\u00edde trochu hl\u00fape, t\u00e1 pointa pod\u013ea m\u0148a plat\u00ed pre obe pohlavia rovnako. Sna\u017ei\u0165 sa udr\u017eiava\u0165, vyzera\u0165 dobre, ma\u0165 svoj \u0161t\u00fdl, to predsa nemus\u00ed by\u0165 len ot\u00e1zka aktu\u00e1lneho trendu a \u013eud\u00ed, ktor\u00ed na tomto o\u0161iale nekres\u0165ansky zar\u00e1baj\u00fa. Pr\u00edde mi to ako skryt\u00fd marketingov\u00fd \u0165ah, ktor\u00fd m\u00e1 e\u0161te dokonca t\u00fa drzos\u0165, \u017ee spolo\u010dnosti diktuje. Pritom som e\u0161te nespomenul, \u017ee zab\u00edja individualitu ka\u017ed\u00e9ho z n\u00e1s. Preto sa nenechajme op\u00edja\u0165 a zbadajme rozdiel medzi dvoma rozdielnymi pojmami- m\u00f3da (aktu\u00e1lny trend) a \u0161t\u00fdl. Nie je to to ist\u00e9! Nasledova\u0165 m\u00f3du m\u00f4\u017ee ka\u017ed\u00fd, komu nie je \u013e\u00fato pe\u0148az\u00ed, ale \u0161t\u00fdl maj\u00fa osobnosti. Ale vr\u00e1\u0165me sa k ujasneniu toho, pre\u010do sa vlastne trendy v nejednom pr\u00edpade opakuj\u00fa. Odpoveda\u0165 si m\u00f4\u017eeme jednoducho, preto\u017ee sa nesta\u010dia vym\u00fd\u0161\u013ea\u0165 nov\u00e9 n\u00e1pady, alebo vlastne tvori\u0165 tieto n\u00e1pady ani nie je potrebn\u00e9, preto\u017ee ako vid\u00edme, zar\u00e1ba\u0165 na m\u00f3de sa d\u00e1 i bez toho. Sta\u010d\u00ed sa len pohra\u0165 s m\u00e9diami, inform\u00e1ciami a t\u00fdm zmanipulova\u0165 verejnos\u0165. Ale odpove\u010f m\u00f4\u017ee ma\u0165 aj in\u00fa formu. \u013dudia sa skr\u00e1tka po ur\u010ditej dobe dan\u00e9ho trendu pres\u00fdtia, u\u017e nebude nov\u00fd a op\u00e4\u0165 t\u00fa\u017eime po zmene. Ve\u013ea kr\u00e1t tak s rados\u0165ou priv\u00edtame nie\u010do, s \u010d\u00edm sme sa u\u017e pred rokmi na dobro rozl\u00fa\u010dili. Op\u00e4\u0165 n\u00e1m to bude vz\u00e1cne.                                                                                                                                                                                                                                                                                                                                                                                        4.6\/5 - (8 votes)        "},{"@context":"https:\/\/schema.org\/","@type":"BreadcrumbList","itemListElement":[{"@type":"ListItem","position":1,"name":"Ach, t\u00e1 m\u00f3da. Kto sa jej m\u00e1 stihn\u00fa\u0165 prisp\u00f4sobova\u0165?!","item":"https:\/\/www.souzel.sk\/ach-ta-moda-kto-sa-jej-ma-stihnut-prisposobovat\/#breadcrumbitem"}]}]